{"id":4510,"date":"2021-05-27T23:31:33","date_gmt":"2021-05-27T23:31:33","guid":{"rendered":"https:\/\/digitalhumanrights.blog\/?p=4510"},"modified":"2021-07-08T07:30:15","modified_gmt":"2021-07-08T07:30:15","slug":"eu-commission-willing-to-sacrifice-secrecy-of-correspondence-for-vermental-child-protection","status":"publish","type":"post","link":"https:\/\/digitalhumanrights.blog\/en\/eu-commission-willing-to-sacrifice-secrecy-of-correspondence-for-vermental-child-protection\/","title":{"rendered":"Chatcontrol: How the EU Commission is willing to sacrifice the secrecy of correspondence for illusive child protection"},"content":{"rendered":"\n[et_pb_section fb_built=&#8221;1&#8243; _builder_version=&#8221;3.22&#8243;][et_pb_row _builder_version=&#8221;3.25&#8243; background_size=&#8221;initial&#8221; background_position=&#8221;top_left&#8221; background_repeat=&#8221;repeat&#8221;][et_pb_column type=&#8221;4_4&#8243; _builder_version=&#8221;3.25&#8243; custom_padding=&#8221;|||&#8221; custom_padding__hover=&#8221;|||&#8221;][et_pb_text _builder_version=&#8221;4.9.7&#8243; background_size=&#8221;initial&#8221; background_position=&#8221;top_left&#8221; background_repeat=&#8221;repeat&#8221; hover_enabled=&#8221;0&#8243; sticky_enabled=&#8221;0&#8243;]<p><strong>According to a hastily passed EU ePrivacy Derogation, our entire electronic communication will be searched for indications of paedophilia in the future. The EU Commission believes it has every right to carry out such an Orwellian invasion of privacy \u2013 because it is (supposedly) about child protection. This is not only grossly disproportionate, but actually achieves the opposite, as even\u00a0self-help organisation of survivors\u00a0emphasise. The infamous censorship debate is back.<\/strong><\/p>\n<p><!-- \/divi:paragraph --><\/p>\n<p><!-- divi:paragraph --><\/p>\n<p><!-- \/divi:paragraph --><\/p>\n<p><!-- divi:heading {\"level\":4} --><\/p>\n<h4>\u201ehey sweetie, y\u00a0not send me a pic\u201c<\/h4>\n<p><!-- \/divi:heading --><\/p>\n<p><!-- divi:paragraph --><\/p>\n<p><!-- \/divi:paragraph --><\/p>\n<p>This text message could mean: \u201cHow do you do at the pony farm?\u201d, \u201cDid you buy the shoes?\u201d or \u201cIs the new flat bright enough?\u201c. But it might as well be about grooming, a sexual solicitation of minors by adults.<\/p>\n<p><!-- \/divi:paragraph --><\/p>\n<p>Written in a letter, we would consider this sentence a private matter. But an unencrypted email or text message is not a letter, not even a postcard. It is a folded piece of paper that we entrust to various hands for forwarding, like we did back in our school days.<\/p>\n<p><!-- \/divi:paragraph --><\/p>\n<p><strong>Self-proclaimed child protectionists now want to assume the right to automatically sift through everything we send to each other electronically.<\/strong> And if a sentence or a picture is ambiguous, the police and private helpers should automatically receive a copy in order to take a closer look at whether this should be classified as a sexual assault against a child.<\/p>\n<p><!-- \/divi:paragraph --><\/p>\n<p><!-- divi:paragraph -->The German self-help organisation\u00a0<a href=\"https:\/\/mogis.info\" target=\"_blank\" rel=\"noreferrer noopener\">MOGiS e.V.<\/a> (\u201cAbuse victims against internet blocking\u201d)\u00a0is campaigning against such total surveillance. And other affected activists are also highly critical of the plans, such as the <a href=\"https:\/\/www.anti-stalking-projekt.de\/cyberstalking\/politische-forderungen\/\" target=\"_blank\" rel=\"noreferrer noopener\">Anti-stalking Project<\/a>. Alexander Hanff, <a href=\"https:\/\/www.theguardian.com\/society\/2012\/dec\/14\/kesgrave-hall-abuse-claims-alexander-hanff\" target=\"_blank\" rel=\"noreferrer noopener\">himself<\/a>\u00a0a victim of abuse, activist and entrepreneur in the field of privacy, does not have a good word to say about the plans:<\/p>\n<blockquote class=\"wp-block-quote\">\n<p>\u201eAs an abuse survivor, I (and millions of other survivors around the world) rely on confidential communication to find support and report the crimes against us. (&#8230;) The proposed solution does not meet the requirements of proportionality. (&#8230;) The proposal is so poorly written that it leaves the door open for abuse of power, for false reporting and for large-scale surveillance of all our private communications. Moreover, there is no evidence that such measures would be effective at all, and many critics believe (myself included) that such activities would simply be pushed underground, making them much harder to detect.\u201c<\/p>\n<\/blockquote>\n<p><!-- \/divi:quote --><\/p>\n<p>I didn&#8217;t want to believe it myself, so once again for the record:<\/p>\n<p><strong>The EU Commission and the LIBE Committee (Civil Liberties, Justice and Home Affairs) have introduced and already passed a <a href=\"https:\/\/www.patrick-breyer.de\/en\/denunciation-machine-eu-parliament-supports-mass-surveillance-of-e-mail-messengers-and-chats\/\" target=\"_blank\" rel=\"noopener noreferrer\">proposal<\/a>, the so-called \u201c<a href=\"https:\/\/www.europarl.europa.eu\/RegData\/etudes\/STUD\/2021\/662598\/EPRS_STU(2021)662598_EN.pdf\" target=\"_blank\" rel=\"noopener noreferrer\">ePrivacy Derogation<\/a>\u201d (repeal of the ePrivacy Directive, (1)), which suspends several fundamental rights of the EU Charter of Fundamental Rights (namely <a href=\"https:\/\/eur-lex.europa.eu\/legal-content\/EN\/TXT\/PDF\/?uri=CELEX:12010P\/TXT\" target=\"_blank\" rel=\"noopener noreferrer\">Articles 7 and 8<\/a>) as a <span>blanket data retention<\/span>\u00a0and for all people.<\/strong> Providers and networks would be obliged to carry out the corresponding data scan. Any encryption would have to be weakened for this purpose. The background to this is the recent strengthening of user rights through an <a href=\"https:\/\/eur-lex.europa.eu\/legal-content\/EN\/TXT\/PDF\/?uri=CELEX:32018L1972\" target=\"_blank\" rel=\"noopener noreferrer\">EU directive<\/a> and the fear that this would make it too easy for child porn rings.<\/p>\n<p><!-- \/divi:paragraph --><\/p>\n<p><!-- \/divi:paragraph --><\/p>\n<p>Important reasons for this initiative are probably, on the one hand, the technical feasibility (2) and the high savings potential compared to more suitable investigation methods in this area. And on the other hand, the high acceptance of surveillance measures on the topic of paedophilia \u2013 where everyone is outraged and thinks they have \u201cnothing to hide\u201d.<\/p>\n<p>But is the law really suitable and isn&#8217;t the baby being thrown out with the bathwater? Privacy activists such as <a href=\"https:\/\/edri.org\/our-work\/is-surveilling-children-really-protecting-them-our-concerns-on-the-interim-csam-regulation\/\" target=\"_blank\" rel=\"noreferrer noopener\">EDRI<\/a>, <a href=\"https:\/\/netzpolitik.org\/2020\/gesetz-gegen-kindesmissbrauch-eu-kommission-plant-durchleuchtungspflicht\/\" target=\"_blank\" rel=\"noreferrer noopener\">Netzpolitik.org<\/a> or the\u00a0<a href=\"https:\/\/www.patrick-breyer.de\/?p=593911\" target=\"_blank\" rel=\"noreferrer noopener\">Pirate\u2019s Party in the European Parliament<\/a>\u00a0strongly\u00a0oppose the bill. The <a href=\"https:\/\/edps.europa.eu\/_en\" target=\"_blank\" rel=\"noopener noreferrer\">European Data Protection Supervisor<\/a> has also expressed considerable concerns. And the doubts of civil rights activists are more than justified.<br \/><span style=\"color: #ffffff;\">.<\/span><\/p>\n<p><!-- \/divi:paragraph --><\/p>\n<p><!-- \/divi:paragraph --><\/p>\n<p><!-- divi:paragraph --><\/p>\n<p><!-- \/divi:paragraph --><\/p>\n<p><!-- divi:heading {\"level\":4} --><\/p>\n<h4>Things look different at second glance<\/h4>\n<p><!-- \/divi:heading --><\/p>\n<p><!-- divi:paragraph --><\/p>\n<p><!-- \/divi:paragraph --><\/p>\n<p><!-- divi:list --><\/p>\n<ul>\n<li><strong>In the automated recognition of relevant material, an error rate of 90 percent is still considered good enough.<\/strong> Thus, masses of \u201cinnocent\u201d text and image material come under the critical eyes of the authorities and the organisations involved. These can be photos of adults, family beach photos, photos that minors send to each other in confidence, pictures that outrage puritans, satirical illustrations, &#8230; Our <em>entire communication<\/em> is placed under general suspicion and pre-censored in the shape of\u00a0<em>self censorship<\/em>. But this is just the beginning.<\/li>\n<\/ul>\n<p><!-- \/divi:list --><\/p>\n<p><!-- divi:list --><\/p>\n<ul>\n<li><strong>A lot of new material is accumulated, which is now put into the context of paedophile sexuality.<\/strong> The recipients of the copies are cleaners, i.e. professional employees of social networks who decide <a href=\"https:\/\/www.youtube.com\/watch?v=1h7-JyQ-JR4\" target=\"_blank\" rel=\"noreferrer noopener\">every second<\/a> what is to be classified and how. The material is also to be made available to <a href=\"https:\/\/edition.cnn.com\/2020\/12\/07\/tech\/europe-privacy-law-child-abuse-intl\/index.html\" target=\"_blank\" rel=\"noreferrer noopener\">voluntary NGOs<\/a>. Besides, this makes them an attractive target for hackers or perpetrators and the misuse or theft of the accumulated convolutions is only a matter of time. (Police officers and \u201chelpers\u201d are also repeatedly conspicuous for their careless handling or even &#8220;private use&#8221; of relevant material, for example\u00a0<a href=\"https:\/\/www.focus.de\/panorama\/welt\/vz-hz_id_10447305.html\" target=\"_blank\" rel=\"noreferrer noopener\">here<\/a>, <a href=\"https:\/\/www.faz.net\/aktuell\/gesellschaft\/kriminalitaet\/fall-luegde-kriminalbeamtenbund-macht-nrw-regierung-vorwuerfe-16054941.html\" target=\"_blank\" rel=\"noreferrer noopener\">here<\/a> or <a href=\"https:\/\/www.justice.gov\/usao-mdfl\/pr\/former-police-officer-sentenced-8-years-distribution-and-possession-child-pornography\" target=\"_blank\" rel=\"noreferrer noopener\">here<\/a>).<\/li>\n<\/ul>\n<p><!-- \/divi:list --><\/p>\n<p><!-- divi:list --><\/p>\n<ul>\n<li><strong>Images of real crimes (as well as false alarms) are kept, e.g. to train algorithms.<\/strong> The victims of the crimes, however, want the images of their trauma to be deleted at some point and not to resurface at some point, e.g. through leaks and breaches. The right to one\u2019s own image is thus grossly disregarded in a particularly sensitive case.<\/li>\n<\/ul>\n<p><!-- \/divi:list --><\/p>\n<p><!-- divi:list --><\/p>\n<ul>\n<li><strong>Legal, yet explicit material is collected as a \u201cby-catch\u201d \u2013 also from politicians, secret bearers or celebrities.<\/strong> The door is opened to blackmail. Professional secrecy carriers (journalists, clergy, lawyers, &#8230;) are supposed to be exempt from searches \u2013 but how is that supposed to work in practice?<\/li>\n<\/ul>\n<p><!-- \/divi:list --><\/p>\n<p><!-- divi:list --><\/p>\n<ul>\n<li><strong>Misjudgements and unfounded criminal charges can destroy entire livelihoods.<\/strong> A house search on suspicion (which may be false, but of course cannot be refuted) can mean the professional or social ruin for someone.<\/li>\n<\/ul>\n<p><!-- \/divi:list --><\/p>\n<p><!-- divi:list --><\/p>\n<ul>\n<li><strong>The fight against sexual abuse is only seemingly being advanced.<\/strong> Sophisticated perpetrators know how to protect themselves, of course. Once again, the saying applies: \u201cWhen privacy becomes criminal, only criminals have privacy\u201d. Effective encryption, the Darknet and Tor browsers are still no match. Fortunately, one has to say. Because apart from drug dealers and child porn rings (which also existed before the internet), whistleblowers and journalists also benefit from this technology, or activists and opposition voices in totalitarian states.<\/li>\n<\/ul>\n<p><!-- \/divi:list --><\/p>\n<p><!-- divi:list --><\/p>\n<ul>\n<li><strong>There is a fixation on electronically documented cases.<\/strong> Christian Bahrs of MOGiS e.V. had thoroughly examined <a href=\"https:\/\/mogis.wordpress.com\/2009\/04\/29\/kern-der-debatte\/\" target=\"_blank\" rel=\"noopener noreferrer\">figures from 2009<\/a> and came to the conclusion that so-called child pornographic material is produced only in the fewest cases of abuse. Nevertheless, it is to be expected that more effective search approaches will fall by the wayside. Not least \u2013 it\u2019s bitter to say \u2013 because they are not worth the expense to the state. In the major cases of abuse that have come to light in recent times, it could always be observed that there had been indications and omissions at hand of the youth welfare offices and the police. The na\u00efve conception of\u00a0electronic miracles doesn\u2019t work.<\/li>\n<\/ul>\n<p><!-- \/divi:list --><\/p>\n<p><!-- divi:list --><\/p>\n<ul>\n<li><strong>The implementation of the legislative initiative would be tantamount to a censorship infrastructure. <\/strong>Such a massive weakening of our privacy (which is, after all, a human right) can only be described as <a href=\"https:\/\/netzpolitik.org\/2018\/wie-man-in-69-jahren-einen-ueberwachungsstaat-aufbaut\/\" target=\"_blank\" rel=\"noopener noreferrer\">totalitarian<\/a>. And it would set a precedent, because in all experience, once people get used to it, the regulation will be inevitably extended to other offences (\u201cmission creep\u201c). Secret services also have a freer hand as soon as encryption is affected.<br \/><span style=\"color: #ffffff;\">.<\/span><\/li>\n<\/ul>\n<p><!-- \/divi:list --><\/p>\n<p><!-- divi:paragraph --><\/p>\n<p><!-- \/divi:paragraph --><\/p>\n<p><!-- divi:heading {\"level\":4} --><\/p>\n<h4>\u201cChild abuse\u201d \u2013 a perfect catchword to make politics<\/h4>\n<p><!-- \/divi:heading --><\/p>\n<p><!-- divi:paragraph --><\/p>\n<p><!-- \/divi:paragraph --><\/p>\n<p>Sexual violence against children triggers us \u2013 and rightly so. Hardly any other offence is met with such unanimous indignation. Even in prison, paedophile sex offenders are the pariahs among the inmates. And no other topic can cause such a scandal \u2013 just one accusation or suspicion can put entire livelihoods at stake.<\/p>\n<p>The outrage is justified. What sexual violence does to the soul of its victims is only roughly described by terms such as depression, anxiety disorder, diminished self-esteem, relationship problems and professional difficulties as well as disturbed sexuality. Many of the victims have massive problems coping later in life. Whereas in the 1980s paedophilia was still mentioned in the same breath as the emancipation of gays and lesbians, today it is rightly a no-go. Churches and other institutions that have systematically covered up sexual violence are increasingly coming under fire.<\/p>\n<p><!-- \/divi:paragraph --><\/p>\n<p>The impression that sexual abuse of children is constantly on the rise cannot be substantiated, because the statistics only refer to cases that have become known. What used to be swept under a carpet of shame, complicity and secrecy is now the subject of open debate. People finally dare to come out with their story \u2013 20, 30 years after the acts.<\/p>\n<p><!-- \/divi:paragraph --><\/p>\n<p>At the same time \u2013 this must also be said \u2013 the topic attracts neurotics of various kinds. Invented accusations are not uncommon, because being a victim attracts attention. Right-wing conservative puritans <span>go to the extent of<\/span> of accusations against a sexualised society, accusing educational initiatives of \u201cearly sexualisation\u201d of children. Not to mention the <a href=\"https:\/\/en.wikipedia.org\/wiki\/QAnon\" target=\"_blank\" rel=\"noopener noreferrer\">QAnon<\/a> hysteria about alleged torture.<\/p>\n<p><!-- \/divi:paragraph --><\/p>\n<p>In summary: The topic is sheer horror. And that is precisely why it can easily be instrumentalised as a moral crowbar.<br \/><span style=\"color: #ffffff;\">.<\/span><\/p>\n<p><!-- \/divi:paragraph --><\/p>\n<p><!-- divi:paragraph --><\/p>\n<p><!-- \/divi:paragraph --><\/p>\n<p><!-- divi:heading {\"level\":4} --><\/p>\n<h4>Why does the proposal receive so little attention &#8211; and what happens next?<\/h4>\n<p><!-- \/divi:heading --><\/p>\n<p><!-- divi:paragraph --><\/p>\n<p><!-- \/divi:paragraph --><\/p>\n<p><!-- divi:quote --><\/p>\n<blockquote class=\"wp-block-quote\">\n<p>\u201eAccording to the case law of the European Court of Justice, permanent automated analysis of communications is only proportionate if it is limited to suspects (Case C-511\/18). This condition is not met by the proposal.\u201c<\/p>\n<p><cite><a href=\"https:\/\/www.patrick-breyer.de\/\">Patrick Breyer<\/a> (MEP) authored this Position of the Piratenpartei \/ Greens fraction \/EFA<\/cite><\/p>\n<\/blockquote>\n<p><!-- \/divi:quote --><\/p>\n<p>For one thing: My impression is that civil society was a little absorbed in times of Corona, Brexit and the drama of the US elections. Those who are upset about the current Corona measures probably don\u2019t have the nerve for such fundamental rights issues. And in some respects, things have actually been going quite well in the EU lately in terms of privacy:<\/p>\n<p><!-- \/divi:paragraph --><\/p>\n<p><!-- divi:list --><\/p>\n<ul>\n<li>With the proposal for a Digital Services and Digital Markets Act, the EU Commission has succeeded in making a considerable effort to put data hogs like Google, Facebook and others in their place.<\/li>\n<\/ul>\n<p><!-- \/divi:list --><\/p>\n<p><!-- divi:list --><\/p>\n<ul>\n<li>The GDPR had set a new standard in consent to data collections.<\/li>\n<\/ul>\n<p><!-- \/divi:list --><\/p>\n<p><!-- divi:list --><\/p>\n<ul>\n<li>And a planned ePrivacy Regulation promised privacy by default, i.e. as a required basic setting of software and devices.<\/li>\n<\/ul>\n<p><!-- \/divi:list --><\/p>\n<p>But the latter has been put on the back burner in the meantime \u2013 and it is countered by massive attacks on encryption \u2013 and so now the ePrivacy Derogation. The bottom line is a rather contradictory play of forces in EU legislation.<\/p>\n<p><!-- \/divi:paragraph --><\/p>\n<p>So what we are facing \u2013 if we don&#8217;t make a lot of noise very quickly \u2013 is a swift push of the <a href=\"https:\/\/edri.org\/our-work\/is-surveilling-children-really-protecting-them-our-concerns-on-the-interim-csam-regulation\/\" target=\"_blank\" rel=\"noopener noreferrer\">half-baked<\/a> bill, virtually under the radar of the busy parliamentarians. Since no one wants to be accused of playing into the hands of child porn rings, they are under pressure. And after all, the current president of the EU Commission, Ursula von der Leyen, already caused a furore with precisely this topic in the censorship debate in 2009. What initially looked like a triumph for her at the time was later meekly shredded.<\/p>\n<p><!-- \/divi:paragraph --><\/p>\n<p>But little seems to have been learned from this. The conservative phrase &#8220;the internet must not be a lawless space&#8221; cannot be killed, despite better knowledge. Even in the electronic age, fantasies of omnipotence are rather signs of hubris than healthy politics \u2013 as they can&#8217;t even keep the police forces free of \u201clawless spaces\u201d.<\/p>\n<p><!-- \/divi:paragraph --><\/p>\n<p>Alexander Hanff expresses his observation (<a href=\"https:\/\/www.linkedin.com\/pulse\/why-i-dont-support-privacy-invasive-measures-tackle-child-hanff\/\" target=\"_blank\" rel=\"noopener noreferrer\">here<\/a>) that it\u2019s \u201cl<span>obbyists with a vested interest \u2013 whether they be state level lobbyists seeking to extend their intrusive surveillance activities or technology companies which make 100s of millions of Euros from selling technology which can data mine our communications; and let\u2019s be clear, these are the loudest voices pushing for this proposal from the EU Commission.<\/span>&#8221; This could mean Microsoft with its <a href=\"https:\/\/en.wikipedia.org\/wiki\/PhotoDNA\" target=\"_blank\" rel=\"noopener noreferrer\">PhotoDNA<\/a>, for example.<\/p>\n<p><!-- \/divi:paragraph --><\/p>\n<p>The fact that the entire project, viewed rationally, can only fail before the European Court of Justice, continues an unfortunate practice that is becoming common practice among conservative politicians in this country: Laws are made and become valid until they are overturned by the Constitutional Court. Then they are surprised and make a few improvements, only to do it again in exactly the same way.<br \/><span style=\"color: #ffffff;\">.<\/span><\/p>\n<p><!-- \/divi:paragraph --><\/p>\n<p><!-- divi:paragraph --><\/p>\n<p><!-- \/divi:paragraph --><\/p>\n<p><!-- divi:heading {\"level\":4} --><\/p>\n<h4>So, if not this \u2013\u00a0what could really work in the fight against sexualised violence?<\/h4>\n<p><!-- \/divi:heading --><\/p>\n<p><!-- divi:paragraph --><\/p>\n<p><!-- \/divi:paragraph --><\/p>\n<p>I am not a criminologist and would honestly appreciate unbiased comments on how to effectively combat grooming and child pornography.<\/p>\n<p><!-- \/divi:paragraph --><\/p>\n<p><!-- divi:quote --><\/p>\n<blockquote class=\"wp-block-quote\">\n<p>\u201eIt\u2019s a matter of fact: Sexual abuse by relatives, friends and caregivers is very common, and very few cases of abuse are even documented. Hardly ever can victims of child sexual abuse be helped by investigations into child pornography. In order to protect children from abuse, completely different measures are needed, such as nationwide prevention, detection and drop-out programmes. But these have been scandalously underfunded for years.\u201c<\/p>\n<p><cite>Patrick Breyer<\/cite><\/p>\n<\/blockquote>\n<p><!-- \/divi:quote --><\/p>\n<p>What I know for sure is that blanket total surveillance cannot be the proportionate and right thing to do. But what is it then?<\/p>\n<p><!-- \/divi:paragraph --><\/p>\n<p><!-- divi:list --><\/p>\n<ul>\n<li>As far as I know, classical criminal police work that penetrates perpetrator networks, collects evidence and identifies persons is the more successful means compared to the technically well-equipped child porn rings. One-time effects such as the recording of crypto-cell phones, which comes as a surprise to the perpetrators, may be an exception. But such zero-day-exploits cannot be used as a basis for a long-term strategy.<\/li>\n<\/ul>\n<p><!-- \/divi:list --><\/p>\n<p><!-- divi:list --><\/p>\n<ul>\n<li>Tips must finally be followed up consistently. This is tedious and sometimes expensive work, for which too few resources are available in the underfunded practice of our police. Just imagine: In Germany, many police officers have to bring their own equipment to work in order not to fall hopelessly behind technically. The responsibility for this lies precisely with those ministers of the interior (from Zimmermann to Schily to Seehofer) who are always talking about an expansion of electronic surveillance.<\/li>\n<\/ul>\n<p><!-- \/divi:list --><\/p>\n<p><!-- divi:list --><\/p>\n<ul>\n<li>Apart from the high-profile exposure, however, another type of work is taking place: Prevention. Of course, working with people is more time-consuming than a digital magic wand. But it has the advantage that it really works. In daycare centres and schools, children are sensitively made aware of the topic. Self-defence in the digital as well as the analogue world is a must. Initiatives such as the prevention network <a href=\"https:\/\/www.kein-taeter-werden.de\" target=\"_blank\" rel=\"noreferrer noopener\">Kein T\u00e4ter werden<\/a> (Don&#8217;t Become a Perpetrator) or the offer <a href=\"https:\/\/www.bevor-was-passiert.de\" target=\"_blank\" rel=\"noreferrer noopener\">Bevor was passiert<\/a> , which is aimed at potential perpetrators, are obviously only a start.<\/li>\n<\/ul>\n<p><!-- \/divi:list --><\/p>\n<p>By the way: Let&#8217;s not forget that such initiatives also depend on confidential communication in order to be able to follow up on tips and reports from those affected. This shows once again that total surveillance of our electronic communication is a harmful delusion.<\/p>\n<p><!-- \/divi:paragraph --><\/p>\n<p>With this in mind, let us conclude with an impressive quote from Alexander Hanff:<\/p>\n<p><!-- \/divi:paragraph --><\/p>\n<p><!-- divi:quote --><\/p>\n<blockquote class=\"wp-block-quote\">\n<p>\u201cI struggled with my thoughts on child abuse in my young adult life; when I was writing my dissertation in 1997 I really struggled to remain objective. It was my Psychology Professor who gave me clarity.\u00a0He said to me \u201cIf you see a child drowning in the river, what would you do?\u201d To which I obviously answered I would jump in and try to save the child.\u00a0He then asked \u201cWhat if when you rescue the child you see more children, more than you can possibly rescue, coming from upstream and drowning?\u201d. This frustrated me, obviously I wanted to save all the children but it was impossible \u2013 there would be too many.\u00a0He then asked \u201cDo you not think it would be better to investigate upstream as to why so many children are falling in to the river in the first place?\u201d<\/p>\n<p><span>\u201cOf course, we need to catch those who are committing the abuse and we need to try to stop those proverbial children from drowning in the river &#8211; but to date, research into WHY people seek to abuse children in the first place &#8211; what causes that behaviour and what can we do to change it; is still woefully lacking and underfunded and until we take steps to figure out the underlying problem rather than trying to deal with the consequences only &#8211; it will always be a negative sum situation for the victims and society as a whole.\u201d<\/span><\/p>\n<p><cite>Alexander Hanff: <a href=\"https:\/\/www.linkedin.com\/pulse\/why-i-dont-support-privacy-invasive-measures-tackle-child-hanff\/\" target=\"_blank\" rel=\"noreferrer noopener\">Why I don\u2019t support privacy invasive measures to tackle child abuse.<\/a><\/cite><\/p>\n<\/blockquote>\n<p><!-- \/divi:quote --><\/p>\n<p><!-- divi:paragraph --><\/p>\n<p><!-- \/divi:paragraph --><\/p>\n<p><!-- divi:paragraph -->\/\/<\/p>\n<p><!-- \/divi:paragraph --><\/p>\n<p><!-- divi:separator --><\/p>\n<hr class=\"wp-block-separator\" \/>\n<p><!-- \/divi:separator --><\/p>\n<p><!-- divi:paragraph --><strong>Remarks<\/strong><\/p>\n<p><!-- \/divi:paragraph --><\/p>\n<p><!-- \/divi:paragraph --><\/p>\n<p><!-- divi:paragraph -->(1) Not to be confused with the not fully developed, higher-ranking <a href=\"https:\/\/en.wikipedia.org\/wiki\/EPrivacy_Regulation\" target=\"_blank\" rel=\"noopener noreferrer\">e-Privacy Regulation<\/a>, which would of course also be restricted by this<\/p>\n<p><!-- \/divi:paragraph --><\/p>\n<p><!-- divi:paragraph -->(2) If we adopt the logic of ePrivacy Derrogation, the new smart speakers in our homes would have to scan our conversations for indications of domestic violence. Then security cameras would have to evaluate our behaviour and immediately forward suspicious facts to the police. Sewage could be tested for drugs or our rubbish could be analysed as soon as the appropriate technology is available, and so on.<\/p>\n<p><!-- \/divi:paragraph --><\/p>\n<p><!-- divi:paragraph --><\/p>\n<p><!-- \/divi:paragraph --><\/p>\n<p><!-- divi:paragraph --><strong>Weblinks from the debate about Ursula von der Leyen\u2019s internet blocking proposal of 2009 in Germany<\/strong><\/p>\n<p><!-- \/divi:paragraph --><\/p>\n<p><!-- divi:paragraph --><a href=\"https:\/\/netzpolitik.org\/2009\/hintergrundtext-kinderpornographie-internet-sperren\/\">https:\/\/netzpolitik.org\/2009\/hintergrundtext-kinderpornographie-internet-sperren\/<\/a><\/p>\n<p><!-- \/divi:paragraph --><\/p>\n<p><!-- divi:paragraph --><a href=\"https:\/\/mogis.wordpress.com\/2009\/04\/29\/kern-der-debatte\/\" target=\"_blank\" rel=\"noreferrer noopener\">https:\/\/mogis.wordpress.com\/2009\/04\/29\/kern-der-debatte\/<\/a><\/p>\n<p><!-- \/divi:paragraph --><\/p>\n<p><!-- divi:paragraph --><\/p>\n<p><!-- \/divi:paragraph --><\/p>[\/et_pb_text][\/et_pb_column][\/et_pb_row][\/et_pb_section]\n","protected":false},"excerpt":{"rendered":"<p>According to a hastily passed EU ePrivacy Derogation, our entire electronic communication will be searched for indications of paedophilia in the future. The EU Commission believes it has every right to carry out such an Orwellian invasion of privacy \u2013 because it is (supposedly) about child protection. This is not only grossly disproportionate, but actually [&hellip;]<\/p>\n","protected":false},"author":1,"featured_media":3939,"comment_status":"open","ping_status":"open","sticky":false,"template":"","format":"standard","meta":{"_et_pb_use_builder":"on","_et_pb_old_content":"<!-- wp:paragraph -->\n<p><strong>Gem\u00e4\u00df einer eilig durchgebrachten EU-Verordnung soll k\u00fcnftig unsere komplette elektronische Kommunikation nach Hinweisen auf P\u00e4dophilie durchforstet werden. Zu einem solchen Privatsph\u00e4re-Angriff Orwell\u2019schen Ausma\u00dfes meint die EU-Kommission ein gutes Recht zu haben \u2013 schlie\u00dflich geht es (vermeintlich) um Kinderschutz. Das ist nicht nur grob unverh\u00e4ltnism\u00e4\u00dfig, sondern erreicht tats\u00e4chlich das Gegenteil, wie auch Betroffenenverb\u00e4nde betonen. Die ber\u00fcchtigte Zensursula-Debatte ist wieder da.<\/strong><\/p>\n<!-- \/wp:paragraph -->\n\n<!-- wp:paragraph -->\n<p><\/p>\n<!-- \/wp:paragraph -->\n\n<!-- wp:heading {\"level\":4} -->\n<h4>\u201eHey s\u00fc\u00dfe, schick doch mal 1 foto\u201c <\/h4>\n<!-- \/wp:heading -->\n\n<!-- wp:paragraph -->\n<p><\/p>\n<!-- \/wp:paragraph -->\n\n<!-- wp:paragraph -->\n<p>Diese Textnachricht kann bedeuten: \u201eWie ist es auf dem Ponyhof?\u201c, \u201eHast du die Schuhe gekauft?\u201c, \u201eIst die Wohnung hell genug?\u201c. Es k\u00f6nnte sich aber auch um <em>Grooming<\/em> handeln, die sexuelle Anmache Minderj\u00e4hriger durch Erwachsene. <\/p>\n<!-- \/wp:paragraph -->\n\n<!-- wp:paragraph -->\n<p>In einem Brief w\u00fcrden wir diesen Satz als Privatsache empfinden. Doch eine unverschl\u00fcsselte E-Mail oder SMS ist kein Brief, nicht mal eine Postkarte. Sie ist ein gefalteter Zettel, den wir diversen H\u00e4nden zum Weiterleiten anvertrauen, wie damals in der Schule. <\/p>\n<!-- \/wp:paragraph -->\n\n<!-- wp:paragraph -->\n<p><strong>Selbsternannte Kindersch\u00fctzer m\u00f6chten sich jetzt das Recht herausnehmen, alles automatisch zu sichten, was wir uns auf elektronischem Wege schicken. <\/strong>Und wenn ein Satz oder ein Bild mehrdeutig ist, sollen die Polizei und private Helfer automatisch eine Kopie erhalten um genauer hinzuschauen, ob dies nicht als sexueller \u00dcbergriff gegen ein Kind eingeordnet werden muss.<\/p>\n<!-- \/wp:paragraph -->\n\n<!-- wp:paragraph -->\n<p>Der Betroffenen-Verein <a href=\"https:\/\/mogis.info\" target=\"_blank\" rel=\"noreferrer noopener\">MOGiS e.V.<\/a> (Missbrauchsopfer gegen Internetsperren) setzt sich gegen eine solche Total\u00fcberwachung ein. Und auch andere Aktivisten sehen die Pl\u00e4ne \u00e4u\u00dferst kritisch, etwa das <a href=\"https:\/\/www.anti-stalking-projekt.de\/cyberstalking\/politische-forderungen\/\" target=\"_blank\" rel=\"noreferrer noopener\">Anti-Stalking-Projekt<\/a>. Alexander Hanff, <a href=\"https:\/\/www.theguardian.com\/society\/2012\/dec\/14\/kesgrave-hall-abuse-claims-alexander-hanff\" target=\"_blank\" rel=\"noreferrer noopener\">selbst<\/a> Missbrauchsopfer, Aktivist und Unternehmer auf dem Gebiet der Privacy l\u00e4sst kein gutes Haar an dem Vorhaben: <\/p>\n<!-- \/wp:paragraph -->\n\n<!-- wp:quote -->\n<blockquote class=\"wp-block-quote\"><p>\u201eAls Missbrauchs-\u00dcberlebender bin ich (und Millionen anderer \u00dcberlebender auf der ganzen Welt) auf vertrauliche Kommunikation angewiesen, um Unterst\u00fctzung zu finden und die Verbrechen gegen uns zu melden. (...) Die vorgeschlagene L\u00f6sung erf\u00fcllt nicht die Anforderungen der Verh\u00e4ltnism\u00e4\u00dfigkeit. (...) Der Vorschlag ist so schlecht geschrieben, dass er T\u00fcr und Tor f\u00fcr Machtmissbrauch, f\u00fcr Falschmeldungen und f\u00fcr eine gro\u00df angelegte \u00dcberwachung unserer gesamten privaten Kommunikation offen l\u00e4sst. Dar\u00fcber hinaus gibt es keine Beweise daf\u00fcr, dass solche Ma\u00dfnahmen \u00fcberhaupt effektiv w\u00e4ren, und viele Kritiker glauben (mich eingeschlossen), dass solche Aktivit\u00e4ten einfach in den Untergrund gedr\u00e4ngt w\u00fcrden, wodurch sie viel schwieriger zu entdecken w\u00e4ren.\u201c<\/p><\/blockquote>\n<!-- \/wp:quote -->\n\n<!-- wp:paragraph -->\n<p>Weil ich es selbst nicht glauben wollte, noch einmal zum Mitschreiben: <\/p>\n<!-- \/wp:paragraph -->\n\n<!-- wp:paragraph -->\n<p><strong>Die EU-Kommission und der Innenausschuss des EU-Parlaments haben einen <a href=\"https:\/\/www.patrick-breyer.de\/?p=593911\" target=\"_blank\" rel=\"noreferrer noopener\">Gesetzentwurf<\/a>, die sogenannte \u201eePrivacy Derrogation\u201c (Aufhebung der <a href=\"https:\/\/de.wikipedia.org\/wiki\/Datenschutzrichtlinie_f\u00fcr_elektronische_Kommunikation\" target=\"_blank\" rel=\"noreferrer noopener\">ePrivacy-Richtline<\/a>, <\/strong>(1) <strong>) eingebracht und bereits passieren lassen, der mehrere Grundrechte der EU-Grundrechtecharta (n\u00e4mlich <a href=\"https:\/\/eur-lex.europa.eu\/legal-content\/DE\/TXT\/PDF\/?uri=CELEX:12010P\/TXT\" target=\"_blank\" rel=\"noreferrer noopener\">Artikel 7 und 8<\/a>) pauschal, anlasslos und f\u00fcr alle Menschen au\u00dfer Kraft setzt.<\/strong> Provider und Netzwerke sollen <a href=\"https:\/\/netzpolitik.org\/2020\/gesetz-gegen-kindesmissbrauch-eu-kommission-plant-durchleuchtungspflicht\/\" target=\"_blank\" rel=\"noreferrer noopener\">verpflichtet werden<\/a>, den entsprechenden Datenscan durchzuf\u00fchren. Eine eventuelle Verschl\u00fcsselung m\u00fcsste daf\u00fcr geschw\u00e4cht werden. Hintergrund ist eine letztens erfolgte St\u00e4rkung der Nutzerrechte durch eine <a href=\"https:\/\/eur-lex.europa.eu\/legal-content\/DE\/TXT\/PDF\/?uri=CELEX:32018L1972\" target=\"_blank\" rel=\"noreferrer noopener\">EU-Richtlinie<\/a> und die Bef\u00fcrchtung, es damit Kinderporno-Ringen zu leicht zu machen.<\/p>\n<!-- \/wp:paragraph -->\n\n<!-- wp:paragraph -->\n<p>Wichtige Motive f\u00fcr diesen Vorsto\u00df d\u00fcrften zum einen die technische Machbarkeit (2) und das hohe Einsparpotenzial gegen\u00fcber geeigneteren Fahndungsmethoden in diesem Bereich sein. Und zum anderen die hohe Akzeptanz f\u00fcr \u00dcberwachungsma\u00dfnahmen beim Thema P\u00e4dophilie \u2013 bei dem jede und jeder sich emp\u00f6rt und nat\u00fcrlich meint, \u201enichts zu verbergen\u201c zu haben. <\/p>\n<!-- \/wp:paragraph -->\n\n<!-- wp:paragraph -->\n<p>Doch ist das Gesetz wirklich geeignet und wird nicht vielmehr das Kind mit dem Bade ausgesch\u00fcttet? Netzpolitische Initiativen wie <a href=\"https:\/\/edri.org\/our-work\/is-surveilling-children-really-protecting-them-our-concerns-on-the-interim-csam-regulation\/\" target=\"_blank\" rel=\"noreferrer noopener\">EDRI<\/a>, <a href=\"https:\/\/netzpolitik.org\/2020\/gesetz-gegen-kindesmissbrauch-eu-kommission-plant-durchleuchtungspflicht\/\" target=\"_blank\" rel=\"noreferrer noopener\">Netzpolitik.org<\/a> oder <a href=\"https:\/\/www.patrick-breyer.de\/?p=593911\" target=\"_blank\" rel=\"noreferrer noopener\">Piraten im Europaparlament<\/a> verwahren sich gegen den Gesetzentwurf. Auch die <a href=\"https:\/\/edps.europa.eu\" target=\"_blank\" rel=\"noreferrer noopener\">Europ\u00e4ische Datenschutzaufsicht<\/a> meldet erhebliche <a href=\"https:\/\/edps.europa.eu\/sites\/edp\/files\/publication\/20-11-10_opinion_combatting_child_abuse_en.pdf\" target=\"_blank\" rel=\"noreferrer noopener\">Bedenken<\/a> an. Und die Zweifel der B\u00fcrgerrechtler sind mehr als angebracht.<\/p>\n<!-- \/wp:paragraph -->\n\n<!-- wp:paragraph -->\n<p><\/p>\n<!-- \/wp:paragraph -->\n\n<!-- wp:heading {\"level\":4} -->\n<h4>Auf den zweiten Blick sehen die Dinge anders aus<\/h4>\n<!-- \/wp:heading -->\n\n<!-- wp:paragraph -->\n<p><\/p>\n<!-- \/wp:paragraph -->\n\n<!-- wp:list -->\n<ul><li><strong>Bei der automatisierten Erkennung des einschl\u00e4gigen Materials gilt eine Fehlerquote von 90 Prozent noch als gut genug.<\/strong> So ger\u00e4t massenhaft \u201eunschuldiges\u201c Text- und Bildmaterial unter die kritischen Augen der Obrigkeit und der beteiligten Organisationen. Das k\u00f6nnen Fotos von Erwachsenen sein, Strandfotos aus der Familie, Fotos, die Minderj\u00e4hrige einander vertraulich zusenden, Bilder, \u00fcber die unbedarfte Moralisten sich emp\u00f6ren, satirische Abbildungen, ... Unsere <em>gesamte<\/em> Kommunikation wird unter Generalverdacht gestellt und in Form einer eigenen <em>Schere im Kopf<\/em> vorzensiert. Doch dieser Aspekt ist noch l\u00e4ngst nicht alles.<\/li><\/ul>\n<!-- \/wp:list -->\n\n<!-- wp:list -->\n<ul><li><strong>Jede Menge neues Material wird angesammelt,<\/strong> das nun in den Kontext p\u00e4dophiler Sexualit\u00e4t ger\u00fcckt wird. Empf\u00e4nger der Kopien sind <em>Cleaner<\/em>, also berufst\u00e4tige Mitarbeiter*innen sozialer Netzwerke, die <a href=\"https:\/\/www.youtube.com\/watch?v=1h7-JyQ-JR4\" target=\"_blank\" rel=\"noreferrer noopener\">im Sekundentakt<\/a> entscheiden, was wie einzuordnen ist. Auch <a href=\"https:\/\/edition.cnn.com\/2020\/12\/07\/tech\/europe-privacy-law-child-abuse-intl\/index.html\" target=\"_blank\" rel=\"noreferrer noopener\">ehrenamtlichen NGOs<\/a> soll das Material zur Verf\u00fcgung gestellt werden. Nebenbei werden diese damit zu einem attraktiven Ziel f\u00fcr Hacker oder T\u00e4ter und der Missbrauch oder die Entwendung der angesammelten Konvolute ist nur eine Frage der Zeit. (Auch Polizisten und \u201eHelfer\u201c fallen immer wieder durch nachl\u00e4ssigen Umgang oder sogar die \u201eprivate Nutzung\u201c von einschl\u00e4gigem Material auf, etwa <a href=\"https:\/\/www.focus.de\/panorama\/welt\/vz-hz_id_10447305.html\" target=\"_blank\" rel=\"noreferrer noopener\">hier<\/a>, <a href=\"https:\/\/www.faz.net\/aktuell\/gesellschaft\/kriminalitaet\/fall-luegde-kriminalbeamtenbund-macht-nrw-regierung-vorwuerfe-16054941.html\" target=\"_blank\" rel=\"noreferrer noopener\">hier<\/a> oder <a href=\"https:\/\/www.justice.gov\/usao-mdfl\/pr\/former-police-officer-sentenced-8-years-distribution-and-possession-child-pornography\" target=\"_blank\" rel=\"noreferrer noopener\">hier<\/a>).<\/li><\/ul>\n<!-- \/wp:list -->\n\n<!-- wp:list -->\n<ul><li><strong>Bilder von wirklichen Taten (wie auch die Fehlalarme) werden aufbewahrt,<\/strong> z.B. um Algorithmen zu schulen. Die Opfer der Taten m\u00f6chten aber, dass die Bilder ihres Traumas irgendwann gel\u00f6scht werden und nicht z.B. durch Leaks und Breaches irgendwann wieder an die Oberfl\u00e4che kommen. Das Recht am eigenen Bild wird also in einem besonders sensiblen Fall grob missachtet.<\/li><\/ul>\n<!-- \/wp:list -->\n\n<!-- wp:list -->\n<ul><li><strong>Als \u201eBeifang\u201c wird legales explizites Material gesammelt \u2013 auch von Politikern, Geheimnistr\u00e4gern oder Prominenten.<\/strong> Der Erpressung ist T\u00fcr und Tor ge\u00f6ffnet. Berufsgeheimnistr\u00e4ger (Journalisten, Geistliche, Anw\u00e4lte, ...) sollen von der Durchsuchung ausgenommen sein \u2013 aber wie soll das in der Praxis funktionieren? <\/li><\/ul>\n<!-- \/wp:list -->\n\n<!-- wp:list -->\n<ul><li><strong>Kommt es zu Fehleinsch\u00e4tzungen und unbegr\u00fcndeten Strafanzeigen, k\u00f6nnen ganze Existenzen zerst\u00f6rt werden.<\/strong> Eine Hausdurchsuchung auf einen Verdacht hin (der zwar falsch sein, aber nat\u00fcrlich nicht widerlegt werden kann) kann das berufliche oder soziale Aus f\u00fcr jemanden bedeuten.<\/li><\/ul>\n<!-- \/wp:list -->\n\n<!-- wp:list -->\n<ul><li><strong>Die Bek\u00e4mpfung von sexuellem Missbrauch wird nur scheinbar vorangebracht.<\/strong> Gewiefte T\u00e4ter wissen sich selbstverst\u00e4ndlich zu sch\u00fctzen. Es gilt einmal mehr der Satz: Wenn Privatsph\u00e4re kriminell wird, haben nur noch kriminelle Privatsph\u00e4re. Gegen effektive Verschl\u00fcsselung, das Darknet und Tor-Browser ist noch kein Kraut gewachsen. Zum Gl\u00fcck, muss man sagen. Denn neben Drogendealern und Kinderpornoringen (die es auch vor dem Internet schon gab) profitieren auch Whistleblower und Journalistinnen von dieser Technik oder Aktivisten und Oppositionelle in totalit\u00e4ren Staaten.<\/li><\/ul>\n<!-- \/wp:list -->\n\n<!-- wp:list -->\n<ul><li><strong>Dazu erfolgt eine Fixierung auf elektronisch dokumentierte F\u00e4lle.<\/strong> Christian Bahrs von MOGiS e.V. hatte <a href=\"https:\/\/mogis.wordpress.com\/2009\/04\/29\/kern-der-debatte\/\" target=\"_blank\" rel=\"noreferrer noopener\">Zahlen von 2009<\/a> gr\u00fcndlich untersucht und kam zu dem Ergebnis, dass nur in den wenigsten Missbrauchsf\u00e4llen sog. kinderpornografisches Material erstellt wird. Zu erwarten ist dennoch, dass andere, effektivere Fahndungsans\u00e4tze unter den Tisch fallen, nicht zuletzt \u2013 man muss es so drastisch sagen \u2013 weil sie dem Staat die Ausgaben nicht wert sind. In den gro\u00dfen bekannt gewordenen Missbrauchsf\u00e4llen der letzten Zeit war stets zu beobachten, dass es Hinweise und Vers\u00e4umnisse beim Jugendamt und der Polizei gegeben hatte. Das magische Denken, es g\u00e4be den elektronischen Zauberstab, funktioniert nicht.<\/li><\/ul>\n<!-- \/wp:list -->\n\n<!-- wp:list -->\n<ul><li><strong>Die Umsetzung der Gesetzesinitiative k\u00e4me einer Zensur-Infrastruktur gleich<\/strong>, gegen die die hei\u00dfumk\u00e4mpften Uploadfilter bei YouTube verblassen. Eine derart massive Schw\u00e4chung unserer Privacy (immerhin ein Menschenrecht) kann nur als totalit\u00e4r bezeichnet werden. Und sie w\u00e4re ein Pr\u00e4zedenzfall, denn aller Erfahrung nach folgt unweigerlich das <a href=\"https:\/\/netzpolitik.org\/2018\/wie-man-in-69-jahren-einen-ueberwachungsstaat-aufbaut\/\" target=\"_blank\" rel=\"noreferrer noopener\">Aufbohren der Regelung<\/a> f\u00fcr andere Delikte, wenn man sich erst einmal daran gew\u00f6hnt hat. Auch <a href=\"https:\/\/www.gov.uk\/government\/publications\/five-country-statement-on-the-temporary-derogation-to-the-eprivacy-directive-to-combat-child-sexual-exploitation-and-abuse\/five-country-statement-on-the-temporary-derogation-to-the-eprivacy-directive-to-combat-child-sexual-exploitation-and-abuse\" target=\"_blank\" rel=\"noreferrer noopener\">Geheimdienste<\/a> haben freiere Hand, sobald die Verschl\u00fcsselung betroffen ist.<\/li><\/ul>\n<!-- \/wp:list -->\n\n<!-- wp:paragraph -->\n<p><\/p>\n<!-- \/wp:paragraph -->\n\n<!-- wp:heading {\"level\":4} -->\n<h4>\u201eKindesmissbrauch\u201c \u2013 mit diesem Schlagwort kann man Politik machen<\/h4>\n<!-- \/wp:heading -->\n\n<!-- wp:paragraph -->\n<p><\/p>\n<!-- \/wp:paragraph -->\n\n<!-- wp:paragraph -->\n<p><a href=\"https:\/\/beauftragter-missbrauch.de\/praevention\/was-ist-sexueller-missbrauch\/definition-von-sexuellem-missbrauch\" target=\"_blank\" rel=\"noreferrer noopener\">Sexuelle Gewalt<\/a> gegen Kinder triggert uns \u2013 zu Recht. Kaum ein anderes Delikt findet so einhellige Emp\u00f6rung. Sogar im Knast sind p\u00e4dophile Sexualstraft\u00e4ter die Paria unter den H\u00e4ftlingen. Und kein anderes Thema kann einen solchen Skandal hervorrufen \u2013 schon ein Vorwurf oder Verdacht kann komplette <a href=\"https:\/\/de.wikipedia.org\/wiki\/Woody_Allen#Trennung_von_Mia_Farrow,_Sorgerechtsstreit_und_Missbrauchsvorw\u00fcrfe\" target=\"_blank\" rel=\"noreferrer noopener\">Existenzen<\/a> infrage stellen.<\/p>\n<!-- \/wp:paragraph -->\n\n<!-- wp:paragraph -->\n<p>Die Emp\u00f6rung ist berechtigt. Was sexualisierte Gewalt in der Seele ihrer Opfer anrichtet, ist mit Begriffen wie Depression, Angstst\u00f6rung, vermindertem Selbstwertgef\u00fchl, Beziehungsst\u00f6rungen und beruflichen Schwierigkeiten sowie einer gest\u00f6rten Sexualit\u00e4t nur grob umschrieben. Viele der Opfer haben im sp\u00e4teren Leben massive Probleme, zurecht zu kommen. Wurde P\u00e4dophilie <a href=\"https:\/\/www.gruene.de\/artikel\/aufarbeitung-und-verantwortung\" target=\"_blank\" rel=\"noreferrer noopener\">in den 1980er Jahren<\/a> noch in einem Atemzug mit der Emanzipation von Schwulen und Lesben genannt, so ist sie heute zurecht ein No-go. <a href=\"https:\/\/hpd.de\/artikel\/staatliche-untersuchungskommission-zum-kirchlichen-missbrauchsskandal-gefordert-18491\" target=\"_blank\" rel=\"noreferrer noopener\">Kirchen<\/a> und andere <a href=\"https:\/\/www.spiegel.de\/panorama\/justiz\/odenwaldschule-studien-belegen-mehr-missbrauchsopfer-als-angenommen-a-1254759.html\" target=\"_blank\" rel=\"noreferrer noopener\">Institutionen<\/a>, die sexualisierte Gewalt systematisch vertuscht haben, geraten zunehmend in Bedr\u00e4ngnis.<\/p>\n<!-- \/wp:paragraph -->\n\n<!-- wp:paragraph -->\n<p>Der Eindruck, dass sexualisierte Gewalt immerfort zunimmt, ist nicht belegbar, denn die <a href=\"https:\/\/beauftragter-missbrauch.de\/praevention\/was-ist-sexueller-missbrauch\/zur-haeufigkeit-von-sexuellem-missbrauch\/\" target=\"_blank\" rel=\"noreferrer noopener\">Statistiken<\/a> beziehen sich nur auf bekannt gewordene F\u00e4lle. Was fr\u00fcher unter einen Teppich aus Scham, Kumpanei und Verschwiegenheit gekehrt wurde, ist heute Gegenstand einer offenen Debatte. Menschen trauen sich 20, 30 Jahre nach den Taten endlich, mit ihrer Geschichte herauszukommen.<\/p>\n<!-- \/wp:paragraph -->\n\n<!-- wp:paragraph -->\n<p>Gleichzeitig \u2013 auch das muss gesagt sein \u2013 zieht das Thema Neurotiker verschiedener Art an. Erfundene Beschuldigungen sind keine Seltenheit, denn als Opfer findet man Aufmerksamkeit. Rechtskonservative Puritaner versteigen sich in Anklagen gegen eine sexualisierte Gesellschaft, unterstellen aufkl\u00e4rend gemeinten Initiativen eine \u201e<a href=\"https:\/\/hpd.de\/artikel\/fruehsexualisierung-angebliche-bedrohung-kindheit-14497\" target=\"_blank\" rel=\"noreferrer noopener\">Fr\u00fchsexualisierung<\/a>\u201c der Kinder, samt erfundener <a href=\"https:\/\/faktencheck.afp.com\/nein-eine-paedagogin-hat-keine-masturbationszimmer-fuer-kitas-gefordert\" target=\"_blank\" rel=\"noreferrer noopener\">Masturbationszimmer<\/a> in Kitas. Von der <a href=\"https:\/\/de.wikipedia.org\/wiki\/QAnon\" target=\"_blank\" rel=\"noreferrer noopener\">QAnon<\/a>-Hysterie um vermeintliche Folterungen mal ganz abgesehen.<\/p>\n<!-- \/wp:paragraph -->\n\n<!-- wp:paragraph -->\n<p>Zusammengefasst: Das Thema ist der blanke Horror. Und gerade deshalb kann es leicht als moralische Brechstange instrumentalisiert werden.<\/p>\n<!-- \/wp:paragraph -->\n\n<!-- wp:paragraph -->\n<p><\/p>\n<!-- \/wp:paragraph -->\n\n<!-- wp:heading {\"level\":4} -->\n<h4>Warum findet der Gesetzentwurf so wenig Beachtung \u2013 und wie geht es weiter?<\/h4>\n<!-- \/wp:heading -->\n\n<!-- wp:paragraph -->\n<p><\/p>\n<!-- \/wp:paragraph -->\n\n<!-- wp:quote -->\n<blockquote class=\"wp-block-quote\"><p>\u201eNach der Rechtsprechung des Europ\u00e4ischen Gerichtshofs ist eine permanente automatisierte Analyse der Kommunikation nur dann verh\u00e4ltnism\u00e4\u00dfig, wenn sie auf Verd\u00e4chtige beschr\u00e4nkt ist (Rechtssache&nbsp;<a href=\"https:\/\/dejure.org\/dienste\/vernetzung\/rechtsprechung?Text=C-511\/18\">C-511\/18<\/a>). Diese Bedingung erf\u00fcllt der Vorschlag nicht.\u201c<\/p><cite>von <a href=\"https:\/\/www.patrick-breyer.de\/\">Patrick Breyer<\/a> (MdEP) verfasste Position der Piratenpartei \/ Fraktion Gr\u00fcne\/EFA<\/cite><\/blockquote>\n<!-- \/wp:quote -->\n\n<!-- wp:paragraph -->\n<p>Zum einen: Mein Eindruck ist, dass die Zivilgesellschaft in Zeiten von Corona, Brexit und dem US-Wahldrama ein wenig absorbiert war. Wer sich wegen der momentanen Corona-Ma\u00dfnahmen echauffiert, hat wohl keinen Nerv f\u00fcr derlei Grundrechtsfragen. Und in mancher Hinsicht lief es in der EU in letzter Zeit ja sogar ganz gut in Sachen Privacy: <\/p>\n<!-- \/wp:paragraph -->\n\n<!-- wp:list -->\n<ul><li>Mit dem Vorschlag zum <a href=\"https:\/\/netzpolitik.org\/2020\/digitale-dienste-und-digitale-maerke-eu-kommission-schlaegt-plattformgrundgesetz-vor\/\" target=\"_blank\" rel=\"noreferrer noopener\">Digitale-Dienste-<\/a> und <a href=\"https:\/\/netzpolitik.org\/2020\/digitale-dienste-und-digitale-maerke-eu-kommission-schlaegt-plattformgrundgesetz-vor\/\" target=\"_blank\" rel=\"noreferrer noopener\">Digitale-M\u00e4rkte-Gesetz<\/a> ist der EU-Kommission ein beachtlicher Aufschlag gelungen, um Datenkraken wie Google, Facebook &amp; Co in ihre Schranken zu weisen. <\/li><\/ul>\n<!-- \/wp:list -->\n\n<!-- wp:list -->\n<ul><li>Die DSGVO hatte einen neuen Ma\u00dfstab in der Einwilligung in Datensammlungen gesetzt.<\/li><\/ul>\n<!-- \/wp:list -->\n\n<!-- wp:list -->\n<ul><li>Und eine geplante <a href=\"https:\/\/netzpolitik.org\/2020\/eprivacy-verordnung-eu-staaten-verspielen-chance-auf-kompromiss\/\" target=\"_blank\" rel=\"noreferrer noopener\">ePrivacy-Verordnung<\/a> verhie\u00df <em>Privacy by Default<\/em>, also als geforderte Grundeinstellung von Software und Ger\u00e4ten. <\/li><\/ul>\n<!-- \/wp:list -->\n\n<!-- wp:paragraph -->\n<p>Doch diese ist inzwischen auf die lange Bank geschoben \u2013 und ihr gegen\u00fcber stehen massive <a href=\"https:\/\/www.ccc.de\/de\/updates\/2020\/cryptowars-2020\" target=\"_blank\" rel=\"noreferrer noopener\">Angriffe auf die Verschl\u00fcsselung<\/a> \u2013 und nun also die ePrivacy Derrogation. Unter dem Strich ergibt sich damit ein ziemlich widerspr\u00fcchliches Spiel der Kr\u00e4fte in der EU-Gesetzgebung.<\/p>\n<!-- \/wp:paragraph -->\n\n<!-- wp:paragraph -->\n<p>Was uns also bevorsteht \u2013 wenn wir nicht sehr schnell sehr viel L\u00e4rm machen \u2013 ist eine z\u00fcgiges Vorantreiben des <a href=\"https:\/\/edri.org\/our-work\/is-surveilling-children-really-protecting-them-our-concerns-on-the-interim-csam-regulation\/\" target=\"_blank\" rel=\"noreferrer noopener\">unausgegorenen<\/a> Gesetzesentwurfes, quasi unter dem Radar der besch\u00e4ftigten Parlamentarier. Da sich niemand zuschulden kommen lassen m\u00f6chte, Kinderporno-Ringen in die Hand zu spielen, kann entsprechender Druck aufgebaut werden. Und immerhin sorgte die heutige Pr\u00e4sidentin der EU-Kommission, Ursula von der Leyen, schon 2009 in der <a href=\"https:\/\/de.wikipedia.org\/wiki\/Ursula_von_der_Leyen#Vertrag_zur_Filterung_von_Kinderpornographie\" target=\"_blank\" rel=\"noreferrer noopener\">Zensursula-Debatte<\/a> mit genau diesem Thema f\u00fcr Furore. Was damals anf\u00e4nglich nach einem Triumph aussah, wurde sp\u00e4ter kleinlaut <a href=\"https:\/\/www.spiegel.de\/netzwelt\/web\/streit-um-internet-filter-die-generation-c64-schlaegt-zurueck-a-628017.html\" target=\"_blank\" rel=\"noreferrer noopener\">geschreddert<\/a>.<\/p>\n<!-- \/wp:paragraph -->\n\n<!-- wp:paragraph -->\n<p>Doch gelernt scheint man daraus wenig zu haben. Die alt-konservative Phrase \u201e<a href=\"https:\/\/www.spiegel.de\/netzwelt\/web\/phrasen-kritik-das-internet-ist-kein-rechtsfreier-raum-a-632277.html\" target=\"_blank\" rel=\"noreferrer noopener\">Das Internet darf kein rechtsfreier Raum sein<\/a>\u201c ist trotz besseren Wissens nicht totzukriegen. Auch im elektronischen Zeitalter sind Allmachtsphantasien eher Anzeichen einer Hybris als gesunde Politik \u2013 man schafft es ja nicht mal, die Polizei von \u201erechtsfreien R\u00e4umen\u201c frei zu halten.<\/p>\n<!-- \/wp:paragraph -->\n\n<!-- wp:paragraph -->\n<p>Alexander Hanff \u00e4u\u00dfert (<a href=\"https:\/\/www.linkedin.com\/pulse\/why-i-dont-support-privacy-invasive-measures-tackle-child-hanff\/\" target=\"_blank\" rel=\"noreferrer noopener\">hier<\/a>) seine Beobachtung: \u201eEs sind die Lobbyisten von Unternehmen, die Hunderte von Millionen Euro mit dem Verkauf von Technologie verdienen, die unsere Kommunikation aussp\u00e4hen kann, die am lautesten auf diesen Vorschlag der EU-Kommission dr\u00e4ngen.\u201c Gemeint sein k\u00f6nnte damit etwa Microsoft mit seiner <a href=\"https:\/\/www.microsoft.com\/en-us\/photodna\" target=\"_blank\" rel=\"noreferrer noopener\">PhotoDNA<\/a>.<\/p>\n<!-- \/wp:paragraph -->\n\n<!-- wp:paragraph -->\n<p>Dass das gesamte Vorhaben, mit Verstand betrachtet, vor dem Europ\u00e4ischen Gerichtshof eigentlich nur scheitern kann, setzt eine ungute Praxis fort, die bei konservativen Politikern hierzulande zum festen Usus wird: Gesetze werden erstmal gemacht und erlangen Geltung, bis sie vom Verfassungsgericht wieder kassiert werden. Dann wundert man sich und verschlimmbessert ein wenig, um es dann erneut genau so zu handhaben.<\/p>\n<!-- \/wp:paragraph -->\n\n<!-- wp:paragraph -->\n<p><\/p>\n<!-- \/wp:paragraph -->\n\n<!-- wp:heading {\"level\":4} -->\n<h4>So also nicht \u2013 aber was funktioniert wirklich im Kampf gegen sexualisierte Gewalt?<\/h4>\n<!-- \/wp:heading -->\n\n<!-- wp:paragraph -->\n<p><\/p>\n<!-- \/wp:paragraph -->\n\n<!-- wp:paragraph -->\n<p>Ich bin kein Kriminalist und w\u00fcrde mich \u00fcber unvoreingenommene Kommentare zur wirksamen Bek\u00e4mpfung von Grooming und Kinderpornografie ehrlich freuen. <\/p>\n<!-- \/wp:paragraph -->\n\n<!-- wp:quote -->\n<blockquote class=\"wp-block-quote\"><p>\u201eFakt ist: Sexueller Missbrauch ist gerade durch Verwandte, Freunde und Bezugspersonen sehr verbreitet, und die allerwenigsten Missbrauchsf\u00e4lle werden \u00fcberhaupt dokumentiert. Kaum einmal kann Opfern sexuellen Kindesmissbrauchs durch Ermittlungen wegen kinderpornografischer Darstellungen geholfen werden. Um Kinder vor Missbrauch zu sch\u00fctzen br\u00e4uchte es ganz andere Ma\u00dfnahmen wie fl\u00e4chendeckende Pr\u00e4ventions-, Erkennungs- und Aussteigerprogramme, doch die sind seit Jahren skandal\u00f6s unterfinanziert.\u201c<\/p><cite>Patrick Breyer<\/cite><\/blockquote>\n<!-- \/wp:quote -->\n\n<!-- wp:paragraph -->\n<p>Was ich wei\u00df, ist, dass eine pauschale Total\u00fcberwachung nicht das verh\u00e4ltnism\u00e4\u00dfige und richtige Mittel sein kann. Aber was ist es dann? <\/p>\n<!-- \/wp:paragraph -->\n\n<!-- wp:list -->\n<ul><li>Soweit mir bekannt, ist klassische kriminalistische Polizeiarbeit, die in T\u00e4ter-Netzwerke eindringt, Beweise sammelt und Personen ermittelt, gegen\u00fcber den technisch gut ausger\u00fcsteten Kinderporno-Ringen das erfolgreichere Mittel. Einmaleffekte wie das f\u00fcr die T\u00e4ter \u00fcberraschende Mitschneiden von Krypto-Handys sind davon ausgenommen. An solchen Zero-day-exploits kann man keine langfristige Strategie ausrichten.<\/li><\/ul>\n<!-- \/wp:list -->\n\n<!-- wp:list -->\n<ul><li>Hinweisen muss endlich konsequent nachgegangen werden. Eine m\u00fchsame, mitunter teure Arbeit, f\u00fcr die in der unterfinanzierten Praxis unserer Polizei zu wenig Ressourcen zur Verf\u00fcgung stehen. Man bedenke: Viele Beamt*innen m\u00fcssen ihre eigenen Ger\u00e4te zur Arbeit mitbringen, um technisch nicht hoffnungslos ins Hintertreffen zu geraten. Die Verantwortung daf\u00fcr tr\u00e4gt just die Sparte jener Innenminister (von Zimmermann \u00fcber Schily bis Seehofer), die einer Ausweitung der elektronischen \u00dcberwachung stets das Wort reden, als h\u00e4tten Sie am Tag ihrer Indienststellung jegliche Bedenken abgegeben.<\/li><\/ul>\n<!-- \/wp:list -->\n\n<!-- wp:list -->\n<ul><li>Abseits der \u00f6ffentlichkeitswirksamen Aufdeckung findet aber noch eine andere Arbeit statt: Die Pr\u00e4vention. Die Arbeit mit Menschen ist nat\u00fcrlich aufw\u00e4ndiger als ein digitaler Zauberstab. Sie hat aber den Vorteil, dass sie wirklich funktioniert. In Kitas und Schulen werden Kinder einf\u00fchlsam auf das Thema aufmerksam gemacht. Selbstverteidigung in der digitalen wie analogen Welt ist ein Muss. Auch Initiativen wie das Pr\u00e4ventionsnetzwerk <a href=\"https:\/\/www.kein-taeter-werden.de\" target=\"_blank\" rel=\"noreferrer noopener\">Kein T\u00e4ter werden<\/a> oder das Angebot <a href=\"https:\/\/www.bevor-was-passiert.de\" target=\"_blank\" rel=\"noreferrer noopener\">Bevor was passiert<\/a> , das sich an potenzielle T\u00e4ter wendet, sind offenbar erst ein Anfang. <\/li><\/ul>\n<!-- \/wp:list -->\n\n<!-- wp:paragraph -->\n<p>Nebenbei: Vergessen wir nicht, dass auch solche Initiativen auf vertrauliche Kommunikation angewiesen sind, um Hinweisen und Meldungen Betroffener nachgehen zu k\u00f6nnen. Es zeigt einmal mehr: Eine Total\u00fcberwachung unserer elektronischen Kommunikation ist ein sch\u00e4dlicher Wahn.<\/p>\n<!-- \/wp:paragraph -->\n\n<!-- wp:paragraph -->\n<p>In diesem Sinne zum Abschluss noch ein beeindruckendes Zitat von Alexander Hanff:<\/p>\n<!-- \/wp:paragraph -->\n\n<!-- wp:quote -->\n<blockquote class=\"wp-block-quote\"><p>\u201eIch habe in meinem jungen Erwachsenenleben mit meinen Gedanken \u00fcber Kindesmissbrauch gek\u00e4mpft; als ich 1997 meine Dissertation schrieb, hatte ich wirklich M\u00fche, objektiv zu bleiben. Es war mein Psychologieprofessor, der mir Klarheit verschaffte. Er sagte zu mir: \"Wenn du ein Kind siehst, das im Fluss ertrinkt, was w\u00fcrdest du tun?\" Worauf ich nat\u00fcrlich antwortete, dass ich hineinspringen und versuchen w\u00fcrde, das Kind zu retten. Er fragte dann: \"Was ist, wenn du dann noch mehr Kinder siehst, mehr als du retten kannst, die von flussaufw\u00e4rts kommen und ertrinken?\". Das frustrierte mich, nat\u00fcrlich wollte ich alle Kinder retten, aber das w\u00e4re unm\u00f6glich \u2013 es w\u00fcrden zu viele sein. Er fragte dann: \"Meinst du nicht, dass es besser w\u00e4re, flussaufw\u00e4rts zu untersuchen, warum \u00fcberhaupt so viele Kinder in den Fluss fallen?\"<\/p><p><br>Nat\u00fcrlich m\u00fcssen wir diejenigen fangen, die den Missbrauch begehen, und wir m\u00fcssen versuchen, diese sprichw\u00f6rtlichen Kinder davon abzuhalten, im Fluss zu ertrinken \u2013 aber bis heute ist die Forschung dar\u00fcber, <em>warum<\/em> Menschen versuchen, Kinder \u00fcberhaupt zu missbrauchen, was dieses Verhalten verursacht und was wir tun k\u00f6nnen, um es zu \u00e4ndern; ist immer noch beklagenswert mangelhaft und unterfinanziert. Und bis wir Schritte unternehmen, um das zugrundeliegende Problem herauszufinden, anstatt nur zu versuchen, mit den Folgen umzugehen, wird es immer eine negative Summe f\u00fcr die Opfer und die Gesellschaft als Ganzes geben.\u201c<\/p><cite>Alexander Hanff: <a href=\"https:\/\/www.linkedin.com\/pulse\/why-i-dont-support-privacy-invasive-measures-tackle-child-hanff\/\" target=\"_blank\" rel=\"noreferrer noopener\">Why I don\u2019t support privacy invasive measures to tackle child abuse.<\/a><\/cite><\/blockquote>\n<!-- \/wp:quote -->\n\n<!-- wp:paragraph -->\n<p><\/p>\n<!-- \/wp:paragraph -->\n\n<!-- wp:paragraph -->\n<p>\/\/<\/p>\n<!-- \/wp:paragraph -->\n\n<!-- wp:separator -->\n<hr class=\"wp-block-separator\"\/>\n<!-- \/wp:separator -->\n\n<!-- wp:paragraph -->\n<p><strong>Anmerkungen<\/strong><\/p>\n<!-- \/wp:paragraph -->\n\n<!-- wp:paragraph -->\n<p>Viele Begriffe werden umgangssprachlich unscharf und z.T. sinnwidrig verwendet. Zur korrekten Unterscheidung von P\u00e4dophilie, sexueller oder sexualisierter Gewalt gegen Kinder, Kindesmissbrauch, P\u00e4derastie usw. siehe auch<br>\u2022 <a href=\"https:\/\/beauftragter-missbrauch.de\/praevention\/was-ist-sexueller-missbrauch\/definition-von-sexuellem-missbrauc\" target=\"_blank\" rel=\"noreferrer noopener\">https:\/\/beauftragter-missbrauch.de\/praevention\/was-ist-sexueller-missbrauch\/definition-von-sexuellem-missbrauc<\/a>h<br>\u2022 <a href=\"https:\/\/de.wikipedia.org\/wiki\/P\u00e4dophilie\" target=\"_blank\" rel=\"noreferrer noopener\">https:\/\/de.wikipedia.org\/wiki\/P\u00e4dophilie<\/a><\/p>\n<!-- \/wp:paragraph -->\n\n<!-- wp:paragraph -->\n<p>(1) Nicht zu verwechseln mit der nicht fertig ausgearbeiteten, h\u00f6herrangigen <a href=\"https:\/\/netzpolitik.org\/2020\/eprivacy-verordnung-eu-staaten-verspielen-chance-auf-kompromiss\/\" target=\"_blank\" rel=\"noreferrer noopener\">e-Privacy-Verordnung<\/a>, die hiermit aber nat\u00fcrlich ebenfalls eingeschr\u00e4nkt w\u00fcrde<\/p>\n<!-- \/wp:paragraph -->\n\n<!-- wp:paragraph -->\n<p>(2) Macht man sich die Logik der ePrivacy Derrogation zu eigen, so m\u00fcssten die neuen <a href=\"https:\/\/t3n.de\/news\/ueberwachung-hoeren-deutsche-geheimdienste-bei-smartspeakern-mit-1156714\/\" target=\"_blank\" rel=\"noreferrer noopener\">Smartspeaker<\/a> in unseren Wohnungen unsere Gespr\u00e4che k\u00fcnftig nach Hinweisen auf h\u00e4usliche Gewalt durchforsten. Dann m\u00fcssten Sicherheitskameras unser <a href=\"https:\/\/www.focus.de\/wissen\/technik\/ueberwachungskameras-elektronische-augen-mit-hirn_aid_398310.html\" target=\"_blank\" rel=\"noreferrer noopener\">Verhalten auswerten<\/a> und Verdachtsmomente sofort an die die Polizei weiterleiten. Abw\u00e4sser k\u00f6nnten <a href=\"https:\/\/www.vice.com\/de\/article\/9abgy7\/abwasser-auf-drogen-untersucht-das-sind-die-lieblingssubstanzen-der-deutschen-emcdda\" target=\"_blank\" rel=\"noreferrer noopener\">auf Drogen<\/a> untersucht oder unser M\u00fcll ausgewertet werden, sobald entsprechende Technik bereitsteht usw.<\/p>\n<!-- \/wp:paragraph -->\n\n<!-- wp:paragraph -->\n<p><\/p>\n<!-- \/wp:paragraph -->\n\n<!-- wp:paragraph -->\n<p><strong>Weblinks aus der Debatte von 2009<\/strong><\/p>\n<!-- \/wp:paragraph -->\n\n<!-- wp:paragraph -->\n<p><a href=\"https:\/\/netzpolitik.org\/2009\/hintergrundtext-kinderpornographie-internet-sperren\/\">https:\/\/netzpolitik.org\/2009\/hintergrundtext-kinderpornographie-internet-sperren\/<\/a><\/p>\n<!-- \/wp:paragraph -->\n\n<!-- wp:paragraph -->\n<p><a href=\"https:\/\/mogis.wordpress.com\/2009\/04\/29\/kern-der-debatte\/\" target=\"_blank\" rel=\"noreferrer noopener\">https:\/\/mogis.wordpress.com\/2009\/04\/29\/kern-der-debatte\/<\/a><\/p>\n<!-- \/wp:paragraph -->\n\n<!-- wp:paragraph -->\n<p><\/p>\n<!-- \/wp:paragraph -->","_et_gb_content_width":"","footnotes":""},"categories":[10,11],"tags":[253,244,254,259,251,246,247,250,49,249,248,243,23,252],"class_list":["post-4510","post","type-post","status-publish","format-standard","has-post-thumbnail","hentry","category-blog","category-essentials","tag-ai-en","tag-child-porn","tag-child-pornography","tag-eprivacy-2","tag-eprivacy-derogation-en","tag-eu-commission","tag-freedom-of-speech","tag-police","tag-privacy","tag-search","tag-secrecy-of-communication","tag-sexual-abuse","tag-surveillance","tag-von-der-leyen-en"],"yoast_head":"<!-- This site is optimized with the Yoast SEO plugin v27.5 - https:\/\/yoast.com\/product\/yoast-seo-wordpress\/ -->\n<title>The EU is willing to sacrifice the secrecy of correspondence for illusive child protection<\/title>\n<meta name=\"description\" content=\"According to a EU ePrivacy Derogation, our entire electronic communication will soon be searched for indications of paedophilia. An Orwellian invasion to privacy.\" \/>\n<meta name=\"robots\" content=\"index, follow, max-snippet:-1, max-image-preview:large, max-video-preview:-1\" \/>\n<link rel=\"canonical\" href=\"https:\/\/digitalhumanrights.blog\/en\/eu-commission-willing-to-sacrifice-secrecy-of-correspondence-for-vermental-child-protection\/\" \/>\n<meta property=\"og:locale\" content=\"en_US\" \/>\n<meta property=\"og:type\" content=\"article\" \/>\n<meta property=\"og:title\" content=\"The EU is willing to sacrifice the secrecy of correspondence for illusive child protection\" \/>\n<meta property=\"og:description\" content=\"According to a EU ePrivacy Derogation, our entire electronic communication will soon be searched for indications of paedophilia. An Orwellian invasion to privacy.\" \/>\n<meta property=\"og:url\" content=\"https:\/\/digitalhumanrights.blog\/en\/eu-commission-willing-to-sacrifice-secrecy-of-correspondence-for-vermental-child-protection\/\" \/>\n<meta property=\"og:site_name\" content=\"digital human rights blog\" \/>\n<meta property=\"article:published_time\" content=\"2021-05-27T23:31:33+00:00\" \/>\n<meta property=\"article:modified_time\" content=\"2021-07-08T07:30:15+00:00\" \/>\n<meta property=\"og:image\" content=\"https:\/\/digitalhumanrights.blog\/wp-content\/uploads\/dhr_Augen_f.jpg\" \/>\n<meta name=\"author\" content=\"Peder\" \/>\n<meta name=\"twitter:card\" content=\"summary_large_image\" \/>\n<meta name=\"twitter:title\" content=\"The EU is willing to sacrifice the secrecy of correspondence for illusive child protection\" \/>\n<meta name=\"twitter:description\" content=\"According to a EU ePrivacy Derogation, our entire electronic communication will soon be searched for indications of paedophilia. An Orwellian invasion to privacy.\" \/>\n<meta name=\"twitter:image\" content=\"https:\/\/digitalhumanrights.blog\/wp-content\/uploads\/dhr_Augen_t.jpg\" \/>\n<meta name=\"twitter:creator\" content=\"@digihumanrights\" \/>\n<meta name=\"twitter:site\" content=\"@digihumanrights\" \/>\n<meta name=\"twitter:label1\" content=\"Written by\" \/>\n\t<meta name=\"twitter:data1\" content=\"Peder\" \/>\n\t<meta name=\"twitter:label2\" content=\"Est. reading time\" \/>\n\t<meta name=\"twitter:data2\" content=\"13 minutes\" \/>\n<script type=\"application\/ld+json\" class=\"yoast-schema-graph\">{\"@context\":\"https:\\\/\\\/schema.org\",\"@graph\":[{\"@type\":\"Article\",\"@id\":\"https:\\\/\\\/digitalhumanrights.blog\\\/en\\\/eu-commission-willing-to-sacrifice-secrecy-of-correspondence-for-vermental-child-protection\\\/#article\",\"isPartOf\":{\"@id\":\"https:\\\/\\\/digitalhumanrights.blog\\\/en\\\/eu-commission-willing-to-sacrifice-secrecy-of-correspondence-for-vermental-child-protection\\\/\"},\"author\":{\"name\":\"Peder\",\"@id\":\"https:\\\/\\\/digitalhumanrights.blog\\\/#\\\/schema\\\/person\\\/9ea26e39ca79d247d75ce8faa910fae0\"},\"headline\":\"Chatcontrol: How the EU Commission is willing to sacrifice the secrecy of correspondence for illusive child protection\",\"datePublished\":\"2021-05-27T23:31:33+00:00\",\"dateModified\":\"2021-07-08T07:30:15+00:00\",\"mainEntityOfPage\":{\"@id\":\"https:\\\/\\\/digitalhumanrights.blog\\\/en\\\/eu-commission-willing-to-sacrifice-secrecy-of-correspondence-for-vermental-child-protection\\\/\"},\"wordCount\":2895,\"commentCount\":0,\"publisher\":{\"@id\":\"https:\\\/\\\/digitalhumanrights.blog\\\/#organization\"},\"image\":{\"@id\":\"https:\\\/\\\/digitalhumanrights.blog\\\/en\\\/eu-commission-willing-to-sacrifice-secrecy-of-correspondence-for-vermental-child-protection\\\/#primaryimage\"},\"thumbnailUrl\":\"https:\\\/\\\/digitalhumanrights.blog\\\/wp-content\\\/uploads\\\/dhr_Augen_q.jpg\",\"keywords\":[\"AI\",\"child porn\",\"child pornography\",\"ePrivacy\",\"ePrivacy Derogation\",\"EU Commission\",\"Freedom of Speech\",\"police\",\"privacy\",\"search\",\"secrecy of communication\",\"sexual abuse\",\"surveillance\",\"von der Leyen\"],\"articleSection\":[\"Blog\",\"Essentials\"],\"inLanguage\":\"en-US\",\"potentialAction\":[{\"@type\":\"CommentAction\",\"name\":\"Comment\",\"target\":[\"https:\\\/\\\/digitalhumanrights.blog\\\/en\\\/eu-commission-willing-to-sacrifice-secrecy-of-correspondence-for-vermental-child-protection\\\/#respond\"]}]},{\"@type\":\"WebPage\",\"@id\":\"https:\\\/\\\/digitalhumanrights.blog\\\/en\\\/eu-commission-willing-to-sacrifice-secrecy-of-correspondence-for-vermental-child-protection\\\/\",\"url\":\"https:\\\/\\\/digitalhumanrights.blog\\\/en\\\/eu-commission-willing-to-sacrifice-secrecy-of-correspondence-for-vermental-child-protection\\\/\",\"name\":\"The EU is willing to sacrifice the secrecy of correspondence for illusive child protection\",\"isPartOf\":{\"@id\":\"https:\\\/\\\/digitalhumanrights.blog\\\/#website\"},\"primaryImageOfPage\":{\"@id\":\"https:\\\/\\\/digitalhumanrights.blog\\\/en\\\/eu-commission-willing-to-sacrifice-secrecy-of-correspondence-for-vermental-child-protection\\\/#primaryimage\"},\"image\":{\"@id\":\"https:\\\/\\\/digitalhumanrights.blog\\\/en\\\/eu-commission-willing-to-sacrifice-secrecy-of-correspondence-for-vermental-child-protection\\\/#primaryimage\"},\"thumbnailUrl\":\"https:\\\/\\\/digitalhumanrights.blog\\\/wp-content\\\/uploads\\\/dhr_Augen_q.jpg\",\"datePublished\":\"2021-05-27T23:31:33+00:00\",\"dateModified\":\"2021-07-08T07:30:15+00:00\",\"description\":\"According to a EU ePrivacy Derogation, our entire electronic communication will soon be searched for indications of paedophilia. An Orwellian invasion to privacy.\",\"breadcrumb\":{\"@id\":\"https:\\\/\\\/digitalhumanrights.blog\\\/en\\\/eu-commission-willing-to-sacrifice-secrecy-of-correspondence-for-vermental-child-protection\\\/#breadcrumb\"},\"inLanguage\":\"en-US\",\"potentialAction\":[{\"@type\":\"ReadAction\",\"target\":[\"https:\\\/\\\/digitalhumanrights.blog\\\/en\\\/eu-commission-willing-to-sacrifice-secrecy-of-correspondence-for-vermental-child-protection\\\/\"]}]},{\"@type\":\"ImageObject\",\"inLanguage\":\"en-US\",\"@id\":\"https:\\\/\\\/digitalhumanrights.blog\\\/en\\\/eu-commission-willing-to-sacrifice-secrecy-of-correspondence-for-vermental-child-protection\\\/#primaryimage\",\"url\":\"https:\\\/\\\/digitalhumanrights.blog\\\/wp-content\\\/uploads\\\/dhr_Augen_q.jpg\",\"contentUrl\":\"https:\\\/\\\/digitalhumanrights.blog\\\/wp-content\\\/uploads\\\/dhr_Augen_q.jpg\",\"width\":1200,\"height\":500},{\"@type\":\"BreadcrumbList\",\"@id\":\"https:\\\/\\\/digitalhumanrights.blog\\\/en\\\/eu-commission-willing-to-sacrifice-secrecy-of-correspondence-for-vermental-child-protection\\\/#breadcrumb\",\"itemListElement\":[{\"@type\":\"ListItem\",\"position\":1,\"name\":\"Startseite\",\"item\":\"https:\\\/\\\/digitalhumanrights.blog\\\/en\\\/\"},{\"@type\":\"ListItem\",\"position\":2,\"name\":\"Chatcontrol: How the EU Commission is willing to sacrifice the secrecy of correspondence for illusive child protection\"}]},{\"@type\":\"WebSite\",\"@id\":\"https:\\\/\\\/digitalhumanrights.blog\\\/#website\",\"url\":\"https:\\\/\\\/digitalhumanrights.blog\\\/\",\"name\":\"digital human rights blog\",\"description\":\"Blog f\u00fcr digitale Menschenrechte\",\"publisher\":{\"@id\":\"https:\\\/\\\/digitalhumanrights.blog\\\/#organization\"},\"potentialAction\":[{\"@type\":\"SearchAction\",\"target\":{\"@type\":\"EntryPoint\",\"urlTemplate\":\"https:\\\/\\\/digitalhumanrights.blog\\\/?s={search_term_string}\"},\"query-input\":{\"@type\":\"PropertyValueSpecification\",\"valueRequired\":true,\"valueName\":\"search_term_string\"}}],\"inLanguage\":\"en-US\"},{\"@type\":\"Organization\",\"@id\":\"https:\\\/\\\/digitalhumanrights.blog\\\/#organization\",\"name\":\"Giordano-Bruno-Stiftung \\\/ Digital Human Rights Blog\",\"url\":\"https:\\\/\\\/digitalhumanrights.blog\\\/\",\"logo\":{\"@type\":\"ImageObject\",\"inLanguage\":\"en-US\",\"@id\":\"https:\\\/\\\/digitalhumanrights.blog\\\/#\\\/schema\\\/logo\\\/image\\\/\",\"url\":\"https:\\\/\\\/digitalhumanrights.blog\\\/wp-content\\\/uploads\\\/gbs_dhrb_quadrat.jpg\",\"contentUrl\":\"https:\\\/\\\/digitalhumanrights.blog\\\/wp-content\\\/uploads\\\/gbs_dhrb_quadrat.jpg\",\"width\":1200,\"height\":1200,\"caption\":\"Giordano-Bruno-Stiftung \\\/ Digital Human Rights Blog\"},\"image\":{\"@id\":\"https:\\\/\\\/digitalhumanrights.blog\\\/#\\\/schema\\\/logo\\\/image\\\/\"},\"sameAs\":[\"https:\\\/\\\/x.com\\\/digihumanrights\"]},{\"@type\":\"Person\",\"@id\":\"https:\\\/\\\/digitalhumanrights.blog\\\/#\\\/schema\\\/person\\\/9ea26e39ca79d247d75ce8faa910fae0\",\"name\":\"Peder\",\"url\":\"https:\\\/\\\/digitalhumanrights.blog\\\/en\\\/author\\\/peder\\\/\"}]}<\/script>\n<!-- \/ Yoast SEO plugin. -->","yoast_head_json":{"title":"The EU is willing to sacrifice the secrecy of correspondence for illusive child protection","description":"According to a EU ePrivacy Derogation, our entire electronic communication will soon be searched for indications of paedophilia. An Orwellian invasion to privacy.","robots":{"index":"index","follow":"follow","max-snippet":"max-snippet:-1","max-image-preview":"max-image-preview:large","max-video-preview":"max-video-preview:-1"},"canonical":"https:\/\/digitalhumanrights.blog\/en\/eu-commission-willing-to-sacrifice-secrecy-of-correspondence-for-vermental-child-protection\/","og_locale":"en_US","og_type":"article","og_title":"The EU is willing to sacrifice the secrecy of correspondence for illusive child protection","og_description":"According to a EU ePrivacy Derogation, our entire electronic communication will soon be searched for indications of paedophilia. An Orwellian invasion to privacy.","og_url":"https:\/\/digitalhumanrights.blog\/en\/eu-commission-willing-to-sacrifice-secrecy-of-correspondence-for-vermental-child-protection\/","og_site_name":"digital human rights blog","article_published_time":"2021-05-27T23:31:33+00:00","article_modified_time":"2021-07-08T07:30:15+00:00","og_image":[{"url":"https:\/\/digitalhumanrights.blog\/wp-content\/uploads\/dhr_Augen_f.jpg","type":"","width":"","height":""}],"author":"Peder","twitter_card":"summary_large_image","twitter_title":"The EU is willing to sacrifice the secrecy of correspondence for illusive child protection","twitter_description":"According to a EU ePrivacy Derogation, our entire electronic communication will soon be searched for indications of paedophilia. An Orwellian invasion to privacy.","twitter_image":"https:\/\/digitalhumanrights.blog\/wp-content\/uploads\/dhr_Augen_t.jpg","twitter_creator":"@digihumanrights","twitter_site":"@digihumanrights","twitter_misc":{"Written by":"Peder","Est. reading time":"13 minutes"},"schema":{"@context":"https:\/\/schema.org","@graph":[{"@type":"Article","@id":"https:\/\/digitalhumanrights.blog\/en\/eu-commission-willing-to-sacrifice-secrecy-of-correspondence-for-vermental-child-protection\/#article","isPartOf":{"@id":"https:\/\/digitalhumanrights.blog\/en\/eu-commission-willing-to-sacrifice-secrecy-of-correspondence-for-vermental-child-protection\/"},"author":{"name":"Peder","@id":"https:\/\/digitalhumanrights.blog\/#\/schema\/person\/9ea26e39ca79d247d75ce8faa910fae0"},"headline":"Chatcontrol: How the EU Commission is willing to sacrifice the secrecy of correspondence for illusive child protection","datePublished":"2021-05-27T23:31:33+00:00","dateModified":"2021-07-08T07:30:15+00:00","mainEntityOfPage":{"@id":"https:\/\/digitalhumanrights.blog\/en\/eu-commission-willing-to-sacrifice-secrecy-of-correspondence-for-vermental-child-protection\/"},"wordCount":2895,"commentCount":0,"publisher":{"@id":"https:\/\/digitalhumanrights.blog\/#organization"},"image":{"@id":"https:\/\/digitalhumanrights.blog\/en\/eu-commission-willing-to-sacrifice-secrecy-of-correspondence-for-vermental-child-protection\/#primaryimage"},"thumbnailUrl":"https:\/\/digitalhumanrights.blog\/wp-content\/uploads\/dhr_Augen_q.jpg","keywords":["AI","child porn","child pornography","ePrivacy","ePrivacy Derogation","EU Commission","Freedom of Speech","police","privacy","search","secrecy of communication","sexual abuse","surveillance","von der Leyen"],"articleSection":["Blog","Essentials"],"inLanguage":"en-US","potentialAction":[{"@type":"CommentAction","name":"Comment","target":["https:\/\/digitalhumanrights.blog\/en\/eu-commission-willing-to-sacrifice-secrecy-of-correspondence-for-vermental-child-protection\/#respond"]}]},{"@type":"WebPage","@id":"https:\/\/digitalhumanrights.blog\/en\/eu-commission-willing-to-sacrifice-secrecy-of-correspondence-for-vermental-child-protection\/","url":"https:\/\/digitalhumanrights.blog\/en\/eu-commission-willing-to-sacrifice-secrecy-of-correspondence-for-vermental-child-protection\/","name":"The EU is willing to sacrifice the secrecy of correspondence for illusive child protection","isPartOf":{"@id":"https:\/\/digitalhumanrights.blog\/#website"},"primaryImageOfPage":{"@id":"https:\/\/digitalhumanrights.blog\/en\/eu-commission-willing-to-sacrifice-secrecy-of-correspondence-for-vermental-child-protection\/#primaryimage"},"image":{"@id":"https:\/\/digitalhumanrights.blog\/en\/eu-commission-willing-to-sacrifice-secrecy-of-correspondence-for-vermental-child-protection\/#primaryimage"},"thumbnailUrl":"https:\/\/digitalhumanrights.blog\/wp-content\/uploads\/dhr_Augen_q.jpg","datePublished":"2021-05-27T23:31:33+00:00","dateModified":"2021-07-08T07:30:15+00:00","description":"According to a EU ePrivacy Derogation, our entire electronic communication will soon be searched for indications of paedophilia. An Orwellian invasion to privacy.","breadcrumb":{"@id":"https:\/\/digitalhumanrights.blog\/en\/eu-commission-willing-to-sacrifice-secrecy-of-correspondence-for-vermental-child-protection\/#breadcrumb"},"inLanguage":"en-US","potentialAction":[{"@type":"ReadAction","target":["https:\/\/digitalhumanrights.blog\/en\/eu-commission-willing-to-sacrifice-secrecy-of-correspondence-for-vermental-child-protection\/"]}]},{"@type":"ImageObject","inLanguage":"en-US","@id":"https:\/\/digitalhumanrights.blog\/en\/eu-commission-willing-to-sacrifice-secrecy-of-correspondence-for-vermental-child-protection\/#primaryimage","url":"https:\/\/digitalhumanrights.blog\/wp-content\/uploads\/dhr_Augen_q.jpg","contentUrl":"https:\/\/digitalhumanrights.blog\/wp-content\/uploads\/dhr_Augen_q.jpg","width":1200,"height":500},{"@type":"BreadcrumbList","@id":"https:\/\/digitalhumanrights.blog\/en\/eu-commission-willing-to-sacrifice-secrecy-of-correspondence-for-vermental-child-protection\/#breadcrumb","itemListElement":[{"@type":"ListItem","position":1,"name":"Startseite","item":"https:\/\/digitalhumanrights.blog\/en\/"},{"@type":"ListItem","position":2,"name":"Chatcontrol: How the EU Commission is willing to sacrifice the secrecy of correspondence for illusive child protection"}]},{"@type":"WebSite","@id":"https:\/\/digitalhumanrights.blog\/#website","url":"https:\/\/digitalhumanrights.blog\/","name":"digital human rights blog","description":"Blog f\u00fcr digitale Menschenrechte","publisher":{"@id":"https:\/\/digitalhumanrights.blog\/#organization"},"potentialAction":[{"@type":"SearchAction","target":{"@type":"EntryPoint","urlTemplate":"https:\/\/digitalhumanrights.blog\/?s={search_term_string}"},"query-input":{"@type":"PropertyValueSpecification","valueRequired":true,"valueName":"search_term_string"}}],"inLanguage":"en-US"},{"@type":"Organization","@id":"https:\/\/digitalhumanrights.blog\/#organization","name":"Giordano-Bruno-Stiftung \/ Digital Human Rights Blog","url":"https:\/\/digitalhumanrights.blog\/","logo":{"@type":"ImageObject","inLanguage":"en-US","@id":"https:\/\/digitalhumanrights.blog\/#\/schema\/logo\/image\/","url":"https:\/\/digitalhumanrights.blog\/wp-content\/uploads\/gbs_dhrb_quadrat.jpg","contentUrl":"https:\/\/digitalhumanrights.blog\/wp-content\/uploads\/gbs_dhrb_quadrat.jpg","width":1200,"height":1200,"caption":"Giordano-Bruno-Stiftung \/ Digital Human Rights Blog"},"image":{"@id":"https:\/\/digitalhumanrights.blog\/#\/schema\/logo\/image\/"},"sameAs":["https:\/\/x.com\/digihumanrights"]},{"@type":"Person","@id":"https:\/\/digitalhumanrights.blog\/#\/schema\/person\/9ea26e39ca79d247d75ce8faa910fae0","name":"Peder","url":"https:\/\/digitalhumanrights.blog\/en\/author\/peder\/"}]}},"_links":{"self":[{"href":"https:\/\/digitalhumanrights.blog\/en\/wp-json\/wp\/v2\/posts\/4510","targetHints":{"allow":["GET"]}}],"collection":[{"href":"https:\/\/digitalhumanrights.blog\/en\/wp-json\/wp\/v2\/posts"}],"about":[{"href":"https:\/\/digitalhumanrights.blog\/en\/wp-json\/wp\/v2\/types\/post"}],"author":[{"embeddable":true,"href":"https:\/\/digitalhumanrights.blog\/en\/wp-json\/wp\/v2\/users\/1"}],"replies":[{"embeddable":true,"href":"https:\/\/digitalhumanrights.blog\/en\/wp-json\/wp\/v2\/comments?post=4510"}],"version-history":[{"count":15,"href":"https:\/\/digitalhumanrights.blog\/en\/wp-json\/wp\/v2\/posts\/4510\/revisions"}],"predecessor-version":[{"id":4798,"href":"https:\/\/digitalhumanrights.blog\/en\/wp-json\/wp\/v2\/posts\/4510\/revisions\/4798"}],"wp:featuredmedia":[{"embeddable":true,"href":"https:\/\/digitalhumanrights.blog\/en\/wp-json\/wp\/v2\/media\/3939"}],"wp:attachment":[{"href":"https:\/\/digitalhumanrights.blog\/en\/wp-json\/wp\/v2\/media?parent=4510"}],"wp:term":[{"taxonomy":"category","embeddable":true,"href":"https:\/\/digitalhumanrights.blog\/en\/wp-json\/wp\/v2\/categories?post=4510"},{"taxonomy":"post_tag","embeddable":true,"href":"https:\/\/digitalhumanrights.blog\/en\/wp-json\/wp\/v2\/tags?post=4510"}],"curies":[{"name":"wp","href":"https:\/\/api.w.org\/{rel}","templated":true}]}}